{"id":90,"date":"2024-06-27T18:23:04","date_gmt":"2024-06-27T16:23:04","guid":{"rendered":"https:\/\/pietrolunetto.info\/?p=90"},"modified":"2024-06-27T18:23:04","modified_gmt":"2024-06-27T16:23:04","slug":"radio-mir-intervista-allo-speaker-pietro-lunetto","status":"publish","type":"post","link":"https:\/\/pietrolunetto.info\/?p=90","title":{"rendered":"Radio MIR intervista allo speaker Pietro Lunetto"},"content":{"rendered":"\n<p>Gennaio 2021 &#8211; BRUXELLES \u2013 Una situazione emergenziale pi\u00f9 o meno simile a quella italiana, numeri altalenanti dei contagi e lo spiraglio di speranza per il futuro dettato da un ritmo dei vaccini che scandisce lentamente, come lancette di un orologio, queste prime settimane del 2021. Scuole per l\u2019infanzia aperte mentre per gli studenti pi\u00f9 grandi \u00e8 previsto un 50% di lezioni da remoto; per il lavoro invece la linea che prevale \u00e8 quella dello \u2018smart working\u2019; bar chiusi e ristoranti aperti solo per l\u2019asporto: parliamo di Bruxelles. \u201cDiciamo che non c\u2019\u00e8 formalmente un divieto di spostamento ma spostarsi \u00e8 fortemente scoraggiato: alle dieci di sera tutti a casa, tranne piccole eccezioni. Il paradosso \u00e8 che ci si sta quasi abituando a questa limitazione nel poter incontrare altre persone\u201d, cos\u00ec ha spiegato Pietro Lunetto la situazione che si vive nella Capitale belga, non dissimile da quello che accade in altre metropoli europee. Il nostro connazionale Pietro Lunetto \u00e8 attivo nel mondo dell\u2019associazionismo degli italiani all\u2019estero, sia con la Filef che con la Faim, ma \u00e8 anche speaker radiofonico nonch\u00e9 proprio uno degli ideatori della web radio chiamata Radio Mir: un progetto giovane che sta gi\u00e0 riscuotendo un certo successo in rete ed \u00e8 alla ricerca di sponsor per poter crescere ancora di pi\u00f9. Cos\u00ec lo speaker ci ha raccontato in un\u2019intervista gli obiettivi della radio. L\u2019emittente online conta un team di dodici speaker stabili in palinsesto, attivi da diversi Paesi all\u2019interno di un network di fatto transcontinentale: principalmente quindi figurano Belgio e Italia, naturalmente, ma anche Francia, Lussemburgo, Gran Bretagna, Ungheria, Uruguay e Australia.<\/p>\n\n\n\n<p>\u201cRadio Mir nasce nel giugno 2020, dopo una gestazione di almeno un anno e mezzo: l\u2019idea \u00e8 sorta all\u2019interno di un nuovo circolo Filef a Bruxelles, che aveva cominciato gi\u00e0 tre anni fa a lavorare sul tema della comunicazione come strumento per aiutare le realt\u00e0 associative a far conoscere al meglio le loro attivit\u00e0 all\u2019esterno, non solo nell\u2019ambito degli italiani all\u2019estero. Ecco che, gi\u00e0 tre anni fa, parte la rubrica settimanale informativa in video, tuttora attiva, e da qui poi nasce l\u2019idea di una vera e propria web radio\u201d, ha spiegato Lunetto ripercorrendo le origini del progetto radiofonico che nasce in casa Filef ma \u00e8 aperto a ogni altra realt\u00e0 associativa che volesse collaborarvi. La radio segue due direttrici di lavoro: \u201cgli italiani all\u2019estero e il mondo associativo, facendoli dibattere sui fatti principali che accadono nel mondo, e uno sguardo alla politica internazionale con un approccio diverso rispetto alla stampa mainstream\u201d. Un terzo filone, infine, riguarda l\u2019approccio culturale. \u201cIn campo musicale, per esempio, stiamo utilizzando dal punto di vista pedagogico alcuni generi che normalmente non girano nel mainstream. Nello spazio dedicato al jazz, \u2018Torno al Sud\u2019 in collaborazione con Mario Masciullo, ci sono anche interventi culturali su libri e poesie; oppure in \u2018Toccata e Fuga\u2019, parliamo di musica classica per farla conoscere come genere inserendo al contempo delle interviste fatte ad alcuni italiani all\u2019estero che abbiano storie particolari alle spalle: nel primo numero abbiamo intervistato un ragazzo senegalese, adottato molti anni fa da una famiglia italiana a Milano, diventato poi ingegnere facendo carriera, che a un certo punto ha deciso di ritornare in Senegal\u201d, ha raccontato Lunetto parlando quindi in questo caso della storia di un \u2018nuovo italiano\u2019 e di un\u2019emigrazione vista da una prospettiva insolita. Nel ricco palinsesto di Radio Mir la trasmissione di punta \u00e8 \u2018Il Mondo e Noi\u2019 dove si parla di diritti, di rappresentanza e di politica; altro appuntamento molto interessante \u00e8 quello della rassegna stampa internazionale, condotta settimanalmente proprio da Pietro Lunetto. \u201cAbbiamo da poco cominciato anche la rassegna stampa italiana in lingua spagnola, per ora in onda ogni due settimane, dedicata a coloro che vivono in America Latina: tra gli argomenti pi\u00f9 trattati l\u2019economia italiana o il turismo di ritorno\u201d, ha puntualizzato lo speaker sottolineando qui l\u2019apporto fondamentale del collaboratore radiofonico del team attivo in Sudamerica. (Simone Sperduto\/Inform)<\/p>\n\n\n\n<p><a href=\"https:\/\/comunicazioneinform.it\/radio-mir-intervista-allo-speaker-pietro-lunetto-una-web-radio-nata-in-belgio-nel-2020-e-gia-punto-di-riferimento-per-gli-italiani-allestero\/\">Radio Mir, intervista allo speaker Pietro Lunetto: una web radio nata in Belgio nel 2020 e gi\u00e0 punto di riferimento per gli italiani all\u2019estero | www.comunicazioneinform.it<\/a> <\/p>\n","protected":false},"excerpt":{"rendered":"<p>Gennaio 2021 &#8211; BRUXELLES \u2013 Una situazione emergenziale pi\u00f9 o meno simile a quella italiana, numeri altalenanti dei contagi e lo spiraglio di speranza per il futuro dettato da un ritmo dei vaccini che scandisce lentamente, come lancette di un orologio, queste prime settimane del 2021. Scuole per l\u2019infanzia aperte mentre per gli studenti pi\u00f9 [&hellip;]<\/p>\n","protected":false},"author":1,"featured_media":49,"comment_status":"open","ping_status":"open","sticky":false,"template":"","format":"standard","meta":{"_monsterinsights_skip_tracking":false,"_monsterinsights_sitenote_active":false,"_monsterinsights_sitenote_note":"","_monsterinsights_sitenote_category":0,"footnotes":""},"categories":[1],"tags":[],"class_list":["post-90","post","type-post","status-publish","format-standard","has-post-thumbnail","hentry","category-blog"],"aioseo_notices":[],"_links":{"self":[{"href":"https:\/\/pietrolunetto.info\/index.php?rest_route=\/wp\/v2\/posts\/90","targetHints":{"allow":["GET"]}}],"collection":[{"href":"https:\/\/pietrolunetto.info\/index.php?rest_route=\/wp\/v2\/posts"}],"about":[{"href":"https:\/\/pietrolunetto.info\/index.php?rest_route=\/wp\/v2\/types\/post"}],"author":[{"embeddable":true,"href":"https:\/\/pietrolunetto.info\/index.php?rest_route=\/wp\/v2\/users\/1"}],"replies":[{"embeddable":true,"href":"https:\/\/pietrolunetto.info\/index.php?rest_route=%2Fwp%2Fv2%2Fcomments&post=90"}],"version-history":[{"count":1,"href":"https:\/\/pietrolunetto.info\/index.php?rest_route=\/wp\/v2\/posts\/90\/revisions"}],"predecessor-version":[{"id":91,"href":"https:\/\/pietrolunetto.info\/index.php?rest_route=\/wp\/v2\/posts\/90\/revisions\/91"}],"wp:featuredmedia":[{"embeddable":true,"href":"https:\/\/pietrolunetto.info\/index.php?rest_route=\/wp\/v2\/media\/49"}],"wp:attachment":[{"href":"https:\/\/pietrolunetto.info\/index.php?rest_route=%2Fwp%2Fv2%2Fmedia&parent=90"}],"wp:term":[{"taxonomy":"category","embeddable":true,"href":"https:\/\/pietrolunetto.info\/index.php?rest_route=%2Fwp%2Fv2%2Fcategories&post=90"},{"taxonomy":"post_tag","embeddable":true,"href":"https:\/\/pietrolunetto.info\/index.php?rest_route=%2Fwp%2Fv2%2Ftags&post=90"}],"curies":[{"name":"wp","href":"https:\/\/api.w.org\/{rel}","templated":true}]}}