{"id":196,"date":"2024-10-30T14:35:34","date_gmt":"2024-10-30T13:35:34","guid":{"rendered":"https:\/\/pietrolunetto.info\/?p=196"},"modified":"2024-10-30T14:35:34","modified_gmt":"2024-10-30T13:35:34","slug":"convegno-filef-di-matera-opportunita-strategie-cooperazione-nelle-migrazioni","status":"publish","type":"post","link":"https:\/\/pietrolunetto.info\/?p=196","title":{"rendered":"Convegno FILEF di Matera: \u201cOpportunit\u00e0, strategie, cooperazione nelle migrazioni\u201d"},"content":{"rendered":"\n<p><em>Cari tutti e tutte,<\/em><\/p>\n\n\n\n<p>benvenuti a questa iniziativa di FILEF nazionale e FILEF Basilicata.<\/p>\n\n\n\n<p>Abbiamo voluto organizzare questa iniziativa a circa 2 anni dal nostro ultimo congresso di Reggio Emilia per affrontare in maniera pi\u00f9 organica e puntuale alcuni dei propositi che ci eravamo dati allora. Vorremmo che il confronto di oggi fosse il pi\u00f9 possibile un confronto vero, che dia la possibilit\u00e0 di aprire un dibattito proficuo, rinsaldare e costruire relazioni per meglio compiere il nostro scopo sociale.<\/p>\n\n\n\n<p>Lo facciamo a Matera, luogo per noi simbolico, ospitati dall\u2019associazione Carlo Levi, che \u00e8 stato il nostro primo presidente, e lo facciamo chiamando a raccolta le articolazioni FILEF in Italia, che ringrazio tutte per lo sforzo non semplice di esserci, come ringrazio sentitamente i dirigenti e gli operatori della Filef Basilicata per aver dato il fondamentale supporto organizzativo e di contenuto e tutti coloro che hanno risposto al nostro invito a partecipare.<\/p>\n\n\n\n<p>Gli obiettivi generali dell\u2019iniziativa spaziano tra obiettivi \u201cinterni\u201d, come una collaborazione pi\u00f9 stretta tra le associazioni in Italia in termini di strategia comune e progettualit\u00e0, fino a quello di rivedere, rilanciare e mettere a terra la strategia della nostra associazione sul tema immigrazione e sviluppo delle aree interne del sud ma non solo, dopo un dibattito e un confronto largo ma efficace, in parte gi\u00e0 cominciato e che proseguir\u00e0 anche dopo la giornata di oggi, con tutti i soggetti che noi consideriamo importanti e che condividono con noi un perimetro valoriale, sia a livello locale che nazionale.<\/p>\n\n\n\n<p>Il quadro in cui ci troviamo ad operare, riassunto per capoversi, \u00e8 il seguente:<\/p>\n\n\n\n<p>\u2013 Un paese che non vede diminuire i flussi di emigrazione \u2013 sono in calo i rientri grazie al peggioramento della fiscalit\u00e0 di vantaggio a loro dedicata -, un flusso in ingresso di immigrazione con numeri importanti, una legislazione che continua a criminalizzare i migranti rendendoli ricattabili e che non ne favorisce l\u2019integrazione; i flussi in uscita dall\u2019Italia e lo spostamento sud-nord, periferie-centri urbani,&nbsp; continuano a spopolare intere aree del paese in maniera irrimediabile. Se ci mettiamo la mancanza di visione su che paese vogliamo costruire e lasciare a chi verr\u00e0 dopo di noi, il quadro mi sembra piuttosto negativo. Ma in questo quadro ci troviamo ad operare e con questo quadro che dobbiamo fare i conti.<\/p>\n\n\n\n<p>\u2013 Una situazione del genere non si pu\u00f2 affrontare con una logica emergenziale, con un orizzonte breve e che non prende in considerazione tutte le problematiche in maniera complessiva. Non esistono, di solito, soluzioni semplici a problemi complessi.<\/p>\n\n\n\n<p>Purtroppo questo approccio non emergenziale non lo vediamo nelle politiche di questo governo n\u00e9, dispiace dirlo, di governi anche di centro sinistra o contenenti il centro sinistra, con le opportune differenze di approccio che \u00e8 giusto sottolineare.<\/p>\n\n\n\n<p>Noi pensiamo che il tema emigrazione, immigrazione, sviluppo delle aree marginali si intrecciano in maniera sinergica se affrontate in modo complessivo, facendo in modo di aprire delle opportunit\u00e0 su tutti e tre i piani del ragionamento.<\/p>\n\n\n\n<p>E per fare questo ci sono dei soggetti e degli approcci che sono indispensabili.<\/p>\n\n\n\n<p><strong><u>Istituzioni europee<\/u><\/strong>: Come sapete uno dei pilastri fondativi della EU \u00e8 la libera circolazione di tante cose, tra cui le persone (almeno in teoria). Nella pratica i capitali si muovono liberamente, le persone molto meno. Questa parte ci sembra non essere la priorit\u00e0 da molti anni per la EU. Con delle normative ormai obsolete che considerano ancora come maggioritari i cittadini che si spostano da un paese all\u2019altro, che trova un lavoro o una continuit\u00e0 lavorativa in quello stesso paese che durer\u00e0 fino alla pensione.<\/p>\n\n\n\n<p>Oggi, anzi da diverso tempo, la situazione non \u00e8 pi\u00f9 cos\u00ec.<\/p>\n\n\n\n<p>Questa nuova situazione crea oggi innumerevoli problemi sia pratici, riconducibili alla portabilit\u00e0 di una serie di diritti fondamentali che il cittadino mobile, l\u2019emigrato interno, devono avere.<\/p>\n\n\n\n<p>Ci siamo piacevolmente rallegrati quando ad aprile 2024 \u00e8 stato pubblicato il rapporto di Enrico Letta \u201cMolto pi\u00f9 di un mercato\u201d. Perch\u00e9 tra le pagine 92 e 96, dove di parla di libert\u00e0 di muoversi e libert\u00e0 di restare, abbiamo trovato diversi concetti secondo noi positivi e che vanno nella giusta direzione rispetto alla situazione che viviamo, o quantomeno si pone le giuste domande:<\/p>\n\n\n\n<ul class=\"wp-block-list\">\n<li>Si riconosce che la libera circolazione aiuta a assorbire gli shock asimmetrici dentro la EU, ma che la mobilit\u00e0 \u00e8 stata concentrata in pochi paesi creando squilibri sia nei paesi di partenza che di arrivo, e che quindi servono pi\u00f9 politiche di coesione.<\/li>\n\n\n\n<li>Riconosce che molti territori in declino non traggono benefici dalla libert\u00e0 di movimento e dal mercato unico\u00a0 e che anzi in questi luoghi si vedono solo i lati negativi (poi \u00e8 normale che un certo risentimento verso la EU si trasformi in voto alle destre)<\/li>\n\n\n\n<li>Si nota che il brain drain, danneggia tanti territori, ipotecando lo sviluppo futuro di quelle aree; e che bisogna favorire il rientro o aiutare questi territori a trattenere i talenti.\u00a0<em>\u201c<\/em><em>G<\/em><em>li eccessivi squilibri territoriali interni dovrebbero essere visti come una minaccia simile a quella degli sviluppi macroeconomici\u201d<\/em><\/li>\n<\/ul>\n\n\n\n<p>Ovviamente la nuova commissione, tutta muscoli e elmetto, non ha recepito nulla di questi suggerimenti nei programmi di ogni commissario e vice presidente, almeno leggendo le lettere di incarico spedite dalla presidente Van der Layen.<\/p>\n\n\n\n<p>Servirebbe una campagna di mobilitazione a livello europeo, di concerto con le forze politiche e sindacali, per riportare questo tema nel ragionamento:<\/p>\n\n\n\n<p><strong><u>Istituzioni locali<\/u><\/strong><strong>:<\/strong>&nbsp;gli amministratori di prossimit\u00e0 sono quelli che vivono pi\u00f9 di tutti le criticit\u00e0 che una politica emergenziale provoca e la mancanza di risorse dovute ai tagli centrali e al&nbsp;contrasto allo&nbsp;spopolamento.&nbsp;Ma secondo noi rimangono gli attori principali di qualsiasi cambiamento di rotta.&nbsp;Sia localmente con un ruolo di raccordo con la societ\u00e0 civile e di stimolo nelle politiche di sviluppo e sociali, che a livello nazionale e regionale, che a livello comunitario, non solo per reperire fondi europei, ma per portare le rivendicazioni su quel piano. E su questo oggi ascolteremo diverse esperienze regionali.<\/p>\n\n\n\n<p><strong><u>M<\/u><u>igranti<\/u><\/strong><strong>:<\/strong>&nbsp;bisogna che le comunit\u00e0 migranti non siano trattate come&nbsp;un&nbsp;corpo separato. Devono essere protagoniste come gli altri cittadini delle decisioni dei loro territori.<\/p>\n\n\n\n<p><strong><u>S<\/u><u>indacati<\/u><\/strong><strong>:<\/strong>&nbsp;rendere i migranti non ricattabili e con un quadro di diritti uguale ai lavoratori autoctoni; nessuna distinzione, perch\u00e9 le distinzioni favoriscono il padrone; non sono i migranti che abbassano i salari medi, ma sono i padroni che delocalizzano, che non fanno innovazione tecnologica che creano lavoro di bassa qualit\u00e0. Bisogna riunire quello che precariet\u00e0 e sfruttamento mettono in concorrenza.<\/p>\n\n\n\n<p><strong><u>Il mondo associativo e no profit<\/u><\/strong>&nbsp;ha le capacit\u00e0 di elaborazione e azione capillare a livello territoriale.&nbsp;E pu\u00f2 essere il \u201ccollante\u201d ideale per il resto dei protagonisti coinvolti.&nbsp;Noi vogliamo essere di stimolo e un punto di riferimento per i soggetti coinvolti a livello territoriale e sovra regionale per lavorare insieme per cambiare questa situazione.<\/p>\n\n\n\n<p>Bisogna mettere insieme un processo integrato e bisogna formulare delle proposte concrete.<\/p>\n\n\n\n<p>\u2013 i costi sostenuti per la formazione di cittadini che vanno a creare valore in altre regioni della EU, dovrebbero essere compensati in qualche forma economica, scorporandolo dal calcolo del deficit o in qualche altro modo. Parliamo di un costo medio a studente di circa 100.000 per un diplomato, 160.000 euro per un laureato e di 250.000 per chi ha un dottorato di ricerca (dati Ocse di qualche anno fa).<\/p>\n\n\n\n<p>\u2013 l\u2019inclusione dei giovani delle ultime generazioni e della nuova emigrazione nei programmi di potenziamento delle competenze e del diritto allo studio (educazione, lingua e cultura) e in quelli volti al rafforzamento della Ricerca e Sviluppo.<\/p>\n\n\n\n<p>\u2013 gli italiani all\u2019estero vanno coinvolti nelle politiche di coesione sociale e territoriale, sia come fruitori di misure di accompagnamento e assistenza sia come attori di sviluppo locale in caso di rientro nelle regioni di esodo o nella costruzione di partenariati internazionali.<\/p>\n\n\n\n<p>\u2013 garantire una libert\u00e0 di movimento responsabile adeguando le legislazioni nazionale, regionali e comunitaria per l\u2019emigrazione e la mobilit\u00e0, attraverso servizi di informazione, formazione, orientamento e accompagnamento alla partenza e all\u2019arrivo per i singoli, per le famiglie, per i figli al seguito; i comuni, i sindacati, le associazioni possono essere protagonisti.<\/p>\n\n\n\n<p>\u2013 garantire il Diritto di reinserimento\/integrazione al rientro attraverso programmi specifici di informazione, formazione, orientamento favorendo i territori marginali, non solo con incentivi fiscali, ma con misure attive gestibili con i fondi comunitari.<\/p>\n\n\n\n<p>\u2013 le istituzioni locali devono costruire e mantenere relazioni stabili e non episodiche con la nuova emigrazione e con le pi\u00f9 recenti generazioni, attraverso la programmazione e realizzazione di interventi mirati in diversi campi. Bisogna valutare il ritorno degli investimenti e non solo la spesa. E ovviamente pr tutto ci\u00f2 serve un\u2019ottica di lungo periodo.<\/p>\n\n\n\n<p>\u2013 sviluppare reti di interazione sociale, culturale, economica per lo sviluppo delle aree di esodo coinvolgendo gli attori locali e quelli presenti all\u2019estero.<\/p>\n\n\n\n<p>\u2013 incentivazione al rientro e al reinserimento di emigrati come fattore di contrasto al declino demografico e come sostegno allo sviluppo locale che possa contare sulle competenze acquisite all\u2019estero.<\/p>\n\n\n\n<p>\u2013 varare programmi e progetti concependo nuova emigrazione e nuove generazioni stabilizzate all\u2019estero, come agenti di internazionalizzazione e di cooperazione internazionale, a favore del sistema paese e dei sistemi produttivi regionali, in una prospettiva di cooperazione con i paesi di loro residenza.<\/p>\n\n\n\n<p>Vanno cio\u00e8 creati un corpus di norme o buone pratiche che favorisca la partecipazione e l\u2019integrazione delle comunit\u00e0 migranti, sia di quelle in uscita che di quelle in ingresso, attivando anche tutti gli strumenti di cooperazione internazionale disponibili.<\/p>\n\n\n\n<p>Queste considerazioni e indicazioni non sono teoriche: sono il portato di tante diverse iniziative svolte dalla Filef e da altre organizzazioni nel corso degli ultimi decenni, purtroppo non con la necessaria continuit\u00e0: la riduzione di risorse pubbliche e la logica emergenziale a cui ho accennato, non ne hanno consentito uno sviluppo e una diffusione adeguata. Ma sono condivise da un ampio spettro di soggetti sociali e anche economici. E sono applicabili sia ai contesti emigratori che a quelli immigratori.<\/p>\n\n\n\n<p>Nel corso dei prossimi mesi \u00e8 nostro impegno approfondire anche su un piano tecnico-legislativo come pu\u00f2 essere possibile ricostruire una coerente politica di valorizzazione dei cittadini migranti a favore della coesione e dello sviluppo territoriale e locale. Nella consapevolezza che ci\u00f2 pu\u00f2 costituire una elemento importante di resilienza rispetto alle dinamiche in corso e di un mondo pi\u00f9 sensato, dove alle persone siano riconosciuti uguali diritti e dove le persone rappresentino, come effettivamente rappresentano, il fattore decisivo di ogni possibilit\u00e0 di crescita sostenibile, cooperativa, umana.<\/p>\n\n\n\n<p>Questa iniziativa pu\u00f2 costituire un momento importante in questa direzione.<\/p>\n\n\n\n<p><em>Matera, 12 Ottobre 2024<\/em><\/p>\n","protected":false},"excerpt":{"rendered":"<p>Cari tutti e tutte, benvenuti a questa iniziativa di FILEF nazionale e FILEF Basilicata. Abbiamo voluto organizzare questa iniziativa a circa 2 anni dal nostro ultimo congresso di Reggio Emilia per affrontare in maniera pi\u00f9 organica e puntuale alcuni dei propositi che ci eravamo dati allora. Vorremmo che il confronto di oggi fosse il pi\u00f9 [&hellip;]<\/p>\n","protected":false},"author":1,"featured_media":197,"comment_status":"open","ping_status":"open","sticky":false,"template":"","format":"standard","meta":{"_monsterinsights_skip_tracking":false,"_monsterinsights_sitenote_active":false,"_monsterinsights_sitenote_note":"","_monsterinsights_sitenote_category":0,"footnotes":""},"categories":[1],"tags":[],"class_list":["post-196","post","type-post","status-publish","format-standard","has-post-thumbnail","hentry","category-blog"],"aioseo_notices":[],"_links":{"self":[{"href":"https:\/\/pietrolunetto.info\/index.php?rest_route=\/wp\/v2\/posts\/196","targetHints":{"allow":["GET"]}}],"collection":[{"href":"https:\/\/pietrolunetto.info\/index.php?rest_route=\/wp\/v2\/posts"}],"about":[{"href":"https:\/\/pietrolunetto.info\/index.php?rest_route=\/wp\/v2\/types\/post"}],"author":[{"embeddable":true,"href":"https:\/\/pietrolunetto.info\/index.php?rest_route=\/wp\/v2\/users\/1"}],"replies":[{"embeddable":true,"href":"https:\/\/pietrolunetto.info\/index.php?rest_route=%2Fwp%2Fv2%2Fcomments&post=196"}],"version-history":[{"count":1,"href":"https:\/\/pietrolunetto.info\/index.php?rest_route=\/wp\/v2\/posts\/196\/revisions"}],"predecessor-version":[{"id":198,"href":"https:\/\/pietrolunetto.info\/index.php?rest_route=\/wp\/v2\/posts\/196\/revisions\/198"}],"wp:featuredmedia":[{"embeddable":true,"href":"https:\/\/pietrolunetto.info\/index.php?rest_route=\/wp\/v2\/media\/197"}],"wp:attachment":[{"href":"https:\/\/pietrolunetto.info\/index.php?rest_route=%2Fwp%2Fv2%2Fmedia&parent=196"}],"wp:term":[{"taxonomy":"category","embeddable":true,"href":"https:\/\/pietrolunetto.info\/index.php?rest_route=%2Fwp%2Fv2%2Fcategories&post=196"},{"taxonomy":"post_tag","embeddable":true,"href":"https:\/\/pietrolunetto.info\/index.php?rest_route=%2Fwp%2Fv2%2Ftags&post=196"}],"curies":[{"name":"wp","href":"https:\/\/api.w.org\/{rel}","templated":true}]}}