{"id":185,"date":"2024-08-01T15:53:36","date_gmt":"2024-08-01T13:53:36","guid":{"rendered":"https:\/\/pietrolunetto.info\/?p=185"},"modified":"2024-08-01T15:53:47","modified_gmt":"2024-08-01T13:53:47","slug":"intervento-congresso-circoli-sardi-in-svizzera-ottobre-2023","status":"publish","type":"post","link":"https:\/\/pietrolunetto.info\/?p=185","title":{"rendered":"Intervento congresso circoli sardi in Svizzera Ottobre 2023"},"content":{"rendered":"\n<p>Cari amici e cari amiche dei circoli sardi in Svizzera, caro Presidente Mura, a nome del faim il Forum delle associazioni italiane nel mondo di cui mi onoro di essere portavoce, vogliamo mandare i nostri migliori auguri per lo svolgimento del vostro Congresso della Federazione Svizzera dei circoli sardi.<\/p>\n\n\n\n<p>Ringrazio anche Pierpaolo Cical\u00f2 che \u00e8 il responsabile organizzazione del faim per il suo impegno nel mondo delle associazioni e per lavefci aiutato ad intervenire oggi.<\/p>\n\n\n\n<p>Il FAIM \u00e8 nato nel 2016 dopo gli Stati generali dell&#8217;associazionismo italiano nel mondo che si sono svolti l&#8217;anno prima. Ed ha come obiettivo quello di aiutare nel processo di ricostruzione della centralit\u00e0 del mondo associativo italiano all&#8217;estero nella societ\u00e0 italiana e nelle istituzioni.<\/p>\n\n\n\n<p><em>Valorizzare l\u2019esperienza storica dell\u2019emigrazione italiane e, in particolare, la sua comunicazione tra culture diverse attraverso il confronto, il rispetto e la comprensione delle diversit\u00e0\u2026<\/em><\/p>\n\n\n\n<p><em>aprirsi ad una pi\u00f9 adeguata comprensione del rapporto con i nuovi flussi di immigrazione e di emigrazione dall\u2019Italia, assumendo il grande potenziale critico e costruttivo delle nuove generazioni di migranti, integrandolo con quello costituito dall\u2019emigrazione insediata da tempo all\u2019estero\u2026<\/em><\/p>\n\n\n\n<p><em>contribuire allo sviluppo di circuiti di comunicazione e di relazioni tra le associazioni degli italiani all\u2019estero e tra le reti associative e l\u2019Italia\u2026<\/em><\/p>\n\n\n\n<p><em>assumere la consapevolezza che l\u2019 \u2018italianit\u00e0\u2019 \u00e8 un\u2019identit\u00e0 dalle forti radici che\u2026costituisce un\u2019occasione formidabile di comunicazione tra diverse realt\u00e0 territoriali. linguistiche e culturali<\/em><\/p>\n\n\n\n<p><em>La situazione intorno a noi non \u00e8 certo delle migliori, il mondo dell&#8217;associazionismo.Che gi\u00e0 ha avuto difficolt\u00e0 a in.A rapportarsi con i flussi di nuove migrazione dei partiti nel 2008.Poi ho dovuto subire come tutti noi, l&#8217;impatto della pandemia da COVID-19 e in ultimo, almeno in Europa, ma direi che la possiamo, possiamo allargare gli impatti della guerra in Ucraina e delle tensioni internazionali e sostanzialmente a tutto il mondo.E questo \u00e8 ovviamente una situazione che mette a rischio il tessuto associativo perch\u00e9 mette in difficolt\u00e0 le persone nella loro vita quotidiana.&nbsp;<\/em><\/p>\n\n\n\n<p>Nonostante la situazione appena descritta, qualche segno in controtendenza si intravede:<\/p>\n\n\n\n<ul class=\"wp-block-list\">\n<li>\u00a0la nuova emigrazione ha cominciato in maniera piu marcata\u00a0 a organizzarsi e a consolidarsi, in parte anche all&#8217;interno dell&#8217;associazionismo storico, seppur in maniera originale rispetto a quanto facevamo in passato Comincia a esprimere dei bisogni.<\/li>\n\n\n\n<li>Dobbiamo continuare a richiamare l&#8217;attenzione del legislatore italiano sull&#8217;importanza delle associazioni e sull&#8217;importante ruolo che svolgono a sostegno della nostra emigrazione.<\/li>\n\n\n\n<li>E quindi anche dal sostegno che dovrebbero ricevere da parte delle istituzioni.<\/li>\n<\/ul>\n\n\n\n<p>E poi di fondamentale importanza rafforzare le nostre reti, attraverso una maggiore collaborazione. Conoscerci pi\u00fa a fondo e chiarire in questa fase storica quali sono le nostre necessit\u00e0.&nbsp;<\/p>\n\n\n\n<p>Su questo richiamo la vostra attenzione sulla pubblicazione del CGIE a cui il FAIM ha collaborato, sullo Stato e fabbisogni dell&#8217;associazionismo italiano nel mondo.<\/p>\n\n\n\n<p>Una ricerca, la prima dopo gli inizi degli anni 2000 che ha provato a gettare uno sguardo organico allo stato delle associazioni. Sarebbe, credo, molto utile ragionare sui risultati e arricchirli in maniera cooperativa.<\/p>\n\n\n\n<p>Vi ringrazio ancora per l&#8217;opportunit\u00e0 e buon congresso.<\/p>\n","protected":false},"excerpt":{"rendered":"<p>Cari amici e cari amiche dei circoli sardi in Svizzera, caro Presidente Mura, a nome del faim il Forum delle associazioni italiane nel mondo di cui mi onoro di essere portavoce, vogliamo mandare i nostri migliori auguri per lo svolgimento del vostro Congresso della Federazione Svizzera dei circoli sardi. Ringrazio anche Pierpaolo Cical\u00f2 che \u00e8 [&hellip;]<\/p>\n","protected":false},"author":1,"featured_media":186,"comment_status":"open","ping_status":"open","sticky":false,"template":"","format":"standard","meta":{"_monsterinsights_skip_tracking":false,"_monsterinsights_sitenote_active":false,"_monsterinsights_sitenote_note":"","_monsterinsights_sitenote_category":0,"footnotes":""},"categories":[1],"tags":[],"class_list":["post-185","post","type-post","status-publish","format-standard","has-post-thumbnail","hentry","category-blog"],"aioseo_notices":[],"_links":{"self":[{"href":"https:\/\/pietrolunetto.info\/index.php?rest_route=\/wp\/v2\/posts\/185","targetHints":{"allow":["GET"]}}],"collection":[{"href":"https:\/\/pietrolunetto.info\/index.php?rest_route=\/wp\/v2\/posts"}],"about":[{"href":"https:\/\/pietrolunetto.info\/index.php?rest_route=\/wp\/v2\/types\/post"}],"author":[{"embeddable":true,"href":"https:\/\/pietrolunetto.info\/index.php?rest_route=\/wp\/v2\/users\/1"}],"replies":[{"embeddable":true,"href":"https:\/\/pietrolunetto.info\/index.php?rest_route=%2Fwp%2Fv2%2Fcomments&post=185"}],"version-history":[{"count":2,"href":"https:\/\/pietrolunetto.info\/index.php?rest_route=\/wp\/v2\/posts\/185\/revisions"}],"predecessor-version":[{"id":188,"href":"https:\/\/pietrolunetto.info\/index.php?rest_route=\/wp\/v2\/posts\/185\/revisions\/188"}],"wp:featuredmedia":[{"embeddable":true,"href":"https:\/\/pietrolunetto.info\/index.php?rest_route=\/wp\/v2\/media\/186"}],"wp:attachment":[{"href":"https:\/\/pietrolunetto.info\/index.php?rest_route=%2Fwp%2Fv2%2Fmedia&parent=185"}],"wp:term":[{"taxonomy":"category","embeddable":true,"href":"https:\/\/pietrolunetto.info\/index.php?rest_route=%2Fwp%2Fv2%2Fcategories&post=185"},{"taxonomy":"post_tag","embeddable":true,"href":"https:\/\/pietrolunetto.info\/index.php?rest_route=%2Fwp%2Fv2%2Ftags&post=185"}],"curies":[{"name":"wp","href":"https:\/\/api.w.org\/{rel}","templated":true}]}}