{"id":143,"date":"2024-07-18T14:29:10","date_gmt":"2024-07-18T12:29:10","guid":{"rendered":"https:\/\/pietrolunetto.info\/?p=143"},"modified":"2024-07-18T14:29:10","modified_gmt":"2024-07-18T12:29:10","slug":"il-diritto-a-non-emigrare-deve-valere-per-tutti","status":"publish","type":"post","link":"https:\/\/pietrolunetto.info\/?p=143","title":{"rendered":"Il &#8220;diritto a non emigrare&#8221; deve valere per tutti"},"content":{"rendered":"\n<p><em>\u201cNon puoi risolvere il problema dell\u2019immigrazione se non risali all\u2019origine del problema. Intendo: se non affronti il problema che noi dobbiamo rispettare di pi\u00f9 il diritto di non essere costretti a migrare.\u201d<\/em>,&nbsp; ha affermato il Presidente del Consiglio Meloni nel corso del suo intervento al Trans-Mediterranean Migration Forum a Tripoli.<\/p>\n\n\n\n<p>Facciamo un plauso alla Presidente Meloni, perch\u00e9 risalire all\u2019 origine dei problemi&nbsp; e rispettare il diritto a non emigrare sono esattamente i punti fondamentali che da da decenni chiedono gli&nbsp; attivisti e esperti di migrazione (insieme al parallelo e universale diritto di poter emigrare, scelta che \u00e8 sempre molto difficile e il pi\u00f9 delle volte dolorosa).<\/p>\n\n\n\n<p>Ma in questo processo scoprir\u00e0 che il territorio africano \u00e8 stato saccheggiato &#8211; e continua ad esserlo &#8211; dai paesi occidentali, che ne depredano le risorse lasciando solo le briciole alle persone che lo abitano. Senza contare le pesanti ingerenze politiche e negli affari interni di questi paesi, che ne ipotecano e ne ostacolano la loro autodeterminazione. Difficile far valere il diritto \u201ca non emigrare\u201d in queste condizioni.<\/p>\n\n\n\n<p>Volendo essere conseguenti e provare seriamente a migliorare la situazione, oltre a fermare il depredamento delle risorse del continente africano, sarebbero necessari enormi investimenti in cooperazione internazionale per avviare dei processi virtuosi di sviluppo economico e sociale. Cosa che l\u2019 occidente si guarda bene dal fare, al di l\u00e0 delle roboanti dichiarazioni o dei debolissimi piani di cooperazione bilaterale.<\/p>\n\n\n\n<p>Ma ci permettiamo di consigliare alla Presidente Meloni di applicare lo stesso concetto anche al tema della emigrazione dall\u2019Italia.<\/p>\n\n\n\n<p>E\u2019 ormai noto che l\u2018Italia \u00e8 in pieno inverno demografico: scarsa natalit\u00e0 e massiccia emigrazione, ipotecano pesantemente il futuro del nostro paese. Pi\u00f9 di centomila ogni anno, giovani e meno giovani, scappano all\u2019estero per sfuggire a salari da fame, precariet\u00e0 che non consente di immaginare progetti di vita durevoli, servizi scadenti sopratutto nelle aree pi\u00f9 fragili del meridione e delle aree interne.<\/p>\n\n\n\n<p>A quando quelle misure strutturali per \u201crispettare di pi\u00f9 il diritto di non essere costretti a migrare\u201d anche per chi abita l\u2019Italia?<\/p>\n\n\n\n<p>Pietro Lunetto<\/p>\n\n\n\n<p>Co- Coordinatore nazionale FILEF ETS<\/p>\n\n\n\n<p>Roma, 18.07.2024<\/p>\n","protected":false},"excerpt":{"rendered":"<p>\u201cNon puoi risolvere il problema dell\u2019immigrazione se non risali all\u2019origine del problema. Intendo: se non affronti il problema che noi dobbiamo rispettare di pi\u00f9 il diritto di non essere costretti a migrare.\u201d,&nbsp; ha affermato il Presidente del Consiglio Meloni nel corso del suo intervento al Trans-Mediterranean Migration Forum a Tripoli. Facciamo un plauso alla Presidente [&hellip;]<\/p>\n","protected":false},"author":1,"featured_media":105,"comment_status":"open","ping_status":"open","sticky":false,"template":"","format":"standard","meta":{"_monsterinsights_skip_tracking":false,"_monsterinsights_sitenote_active":false,"_monsterinsights_sitenote_note":"","_monsterinsights_sitenote_category":0,"footnotes":""},"categories":[1],"tags":[],"class_list":["post-143","post","type-post","status-publish","format-standard","has-post-thumbnail","hentry","category-blog"],"aioseo_notices":[],"_links":{"self":[{"href":"https:\/\/pietrolunetto.info\/index.php?rest_route=\/wp\/v2\/posts\/143","targetHints":{"allow":["GET"]}}],"collection":[{"href":"https:\/\/pietrolunetto.info\/index.php?rest_route=\/wp\/v2\/posts"}],"about":[{"href":"https:\/\/pietrolunetto.info\/index.php?rest_route=\/wp\/v2\/types\/post"}],"author":[{"embeddable":true,"href":"https:\/\/pietrolunetto.info\/index.php?rest_route=\/wp\/v2\/users\/1"}],"replies":[{"embeddable":true,"href":"https:\/\/pietrolunetto.info\/index.php?rest_route=%2Fwp%2Fv2%2Fcomments&post=143"}],"version-history":[{"count":1,"href":"https:\/\/pietrolunetto.info\/index.php?rest_route=\/wp\/v2\/posts\/143\/revisions"}],"predecessor-version":[{"id":144,"href":"https:\/\/pietrolunetto.info\/index.php?rest_route=\/wp\/v2\/posts\/143\/revisions\/144"}],"wp:featuredmedia":[{"embeddable":true,"href":"https:\/\/pietrolunetto.info\/index.php?rest_route=\/wp\/v2\/media\/105"}],"wp:attachment":[{"href":"https:\/\/pietrolunetto.info\/index.php?rest_route=%2Fwp%2Fv2%2Fmedia&parent=143"}],"wp:term":[{"taxonomy":"category","embeddable":true,"href":"https:\/\/pietrolunetto.info\/index.php?rest_route=%2Fwp%2Fv2%2Fcategories&post=143"},{"taxonomy":"post_tag","embeddable":true,"href":"https:\/\/pietrolunetto.info\/index.php?rest_route=%2Fwp%2Fv2%2Ftags&post=143"}],"curies":[{"name":"wp","href":"https:\/\/api.w.org\/{rel}","templated":true}]}}