{"id":109,"date":"2024-07-01T14:29:34","date_gmt":"2024-07-01T12:29:34","guid":{"rendered":"https:\/\/pietrolunetto.info\/?p=109"},"modified":"2024-07-01T14:29:34","modified_gmt":"2024-07-01T12:29:34","slug":"intervento-faim-alla-iv-conferenza-permanente-stato-regioni-provincie-autonome-cgie-dicembre-2021","status":"publish","type":"post","link":"https:\/\/pietrolunetto.info\/?p=109","title":{"rendered":"Intervento FAIM alla IV\u00b0 conferenza permanente Stato-Regioni-Provincie Autonome-Cgie Dicembre 2021"},"content":{"rendered":"\n<p>L\u2019insieme del mondo della emigrazione italiana , ormai vicina ai 7 milioni di presenze ufficiali. viene ormai considerata la seconda regione italiana per abitanti.&nbsp;<\/p>\n\n\n\n<p>A ragione \u00e8 stato ricordato in diversi interventi, che i movimenti migratori si inseriscono nel contesto di squilibri tra aree territoriali e tra sistemi economico-sociali, perci\u00f2 procedono dal paese con minor capacit\u00e0 di valorizzazione individuale, verso quello a maggiore capacit\u00e0 di valorizzazione delle potenzialit\u00e0 individuali. E\u2019 bene ricordare che gli italiani all\u2019estero sono e debbono continuare ad avere gli stessi diritti di cittadinanza di chi vive in italia e che le articolazioni istituzionali italiane devono esercitare un costante monitoraggio delle condizioni di insediamento e integrazione, per contrastare eventuali discriminazioni.&nbsp;&nbsp;<\/p>\n\n\n\n<p>A fronte della ripartenza degli ultimi 15 anni vanno aggiornate le norme regionali, nazionali e comunitarie per far si che siano adeguate a questo nuovo flusso, composto anche ma non solo di giovani, da famiglie da popolazione pensionata.<\/p>\n\n\n\n<p>Bisogna adeguare il quadro legislativo a tutti i livelli per consentire non solo una piena fruizione dei diritti di cittadinanza e di rappresentanza&nbsp; ma per consentire la valorizzazione dei nuovi migranti nella programmazione per lo sviluppo delle aree di esodo.&nbsp;<\/p>\n\n\n\n<p><\/p>\n\n\n\n<p>A livello comunitario e nazionale bisogna adeguare il quadro normativo per contrastare&nbsp; le restrizioni dei diritti di libera circolazione e integrazione e per rafforzare le politiche di coesione territoriale e sociale tendenti ad un riequilibrio tra territori erogatori e territori fruitori dei flussi di emigrazione interna. Emigrazione interna intesa sia come migrazione italiana (prevalentemente nord sud che conta 1 milione di spostamenti in 10 anni) che intra UE.<\/p>\n\n\n\n<p>Nel percorso migratorio e di mobilit\u00e1 sono moltissimi i punti di criticit\u00e0, e quindi di opportunit\u00e1, dove l\u2019insieme delle istituzioni e di corpi intermedi pu\u00f3&nbsp; e&nbsp; deve svolgere un ruolo fondamentale:&nbsp;<\/p>\n\n\n\n<p>Con il diritto al riconoscimento dei titoli di studio e degli anni di scolarizzazione precedenti, insieme al sostegno all\u2019integrazione nei sistemi scolastici dei paesi di arrivo&nbsp; e al mantenimento della lingua italiana come condizione basilare di integrazione dei figli, fondamentale in caso di rientro in Italia.&nbsp;<\/p>\n\n\n\n<p>Nelle questioni fiscali, revisionando le convenzioni contro le doppie imposizioni esistenti e negoziandone di&nbsp; nuove per i paesi dove la comunit\u00e1 italiana \u00e8 di recente insediamento.<\/p>\n\n\n\n<p>Nelle questioni previdenziali vanno aggiornati i patti bilaterali per garantire che siano ancora efficaci alla luce dei nuovi flussi migratori e delle nuove forme di lavoro.<\/p>\n\n\n\n<p>Le questioni della tutela sanitaria legate alla iscrizione aire etc.<\/p>\n\n\n\n<p>Per tutto questo serve fare \u201csquadra\u201d fra tutti i soggetti necessari, con una presenza&nbsp; articolata territorialmente che sia efficacemente organizzata in Italia e all\u2019estero, e che si avvalga della convenzione tra MAECI e Istituti di Patronato.<\/p>\n\n\n\n<p>Ci sono delle opportunit\u00e0 da cogliere: la quantit\u00e0 e la qualit\u00e0 dei saperi dentro le reti degli italiani all\u2019estero sono una risorsa enorme, che potrebbe contribuire molto alla crescita e lo sviluppo del paese. Bisogna instaurare relazioni stabili e organiche con la nuova emigrazione, creando le condizioni per un eventuale rientro, andando verso una circolarit\u00e1 dell\u2019emigrazione, fatta da cittadini e cittadine su cui Stato e famiglie hanno investito molto.&nbsp;<\/p>\n\n\n\n<p>A tal fine vi \u00e9 necessit\u00e1 di e della instaurazione di condizioni che consentano all\u2019associazionismo di svolgere in modo pi\u00f9 adeguato la finalit\u00e0 di ri- intermediazione.<\/p>\n\n\n\n<p>Un associazionismo storico, che ha trovato la forza di rinnovarsi, del nuovo associazionismo creato dalla nuova emigrazione, che spesso ha forme di aggregazione e diverse da quelle dei precedenti cicli migratori, e dall\u2019insieme dell\u2019associazionismo regionale che intreccia le categorie precedenti.<\/p>\n\n\n\n<p>Allo stesso tempo, l\u2019insieme del mondo dell\u2019associazionismo per espletare al meglio questo ruolo, ha bisogno anche di risorse e di essere valorizzato nella rete di contatti e relazioni. Oggi ancora pi\u00fa di ieri, visto che la pandemia ha colpito duramente anche la rete degli italiani all\u2019estero.<\/p>\n\n\n\n<p>Mettere a punto le giuste condizioni per cogliere queste opportunit\u00e1,&nbsp; ci consentirebbe di avviare e governare un flusso di rientri dall\u2019estero di cui beneficerebbero, solo per citare alcuni esempi, lo sviluppo delle aree interne, i processi di internazionalizzazione delle PMI,&nbsp; le filiere del turismo delle radici, i meccanismi di cooperazione internazionale. In breve molte parti del \u201csistema paese\u201d.<\/p>\n\n\n\n<p>Uno degli strumenti che pu\u00f2\u2019 essere decisivo per realizzare queste condizioni \u00e8 il PNRR. Come FAIM abbiamo trasmesso al governo un documento con quelle che abbiamo considerato delle priorit\u00e0. Per citarne alcune:\u00a0<\/p>\n\n\n\n<p>Missione 1: l\u2019inserimento a pieno titolo dei servizi della Rete Consolare all\u2019interno delle misure di ammodernamento e digitalizzazione della Pubblica Amministrazione.<\/p>\n\n\n\n<p>Missione 4: l\u2019inclusione dei giovani delle ultime generazioni e della nuova emigrazione nei programmi di potenziamento delle competenze e del diritto allo studio (educazione, lingua e cultura e in quelli volti al rafforzamento della Ricerca e Sviluppo.<\/p>\n\n\n\n<p>Missione 5:&nbsp; il coinvolgimento degli italiani all\u2019estero nelle politiche di coesione sociale e territoriale, sia come fruitori di misure di accompagnamento e assistenza nei progetti emigratori alla partenza e all\u2019arrivo, sia come attori di sviluppo locale in caso di rientro nelle regioni di esodo o nella costruzione di partenariati internazionali.<\/p>\n\n\n\n<p>Inoltre, rispetto agli obiettivi di questa sopracitata Missione, il FAIM sollecita&nbsp; da parte delle istituzioni l\u2019attenzione al mondo associativo all\u2019estero, come parte integrante del Terzo Settore, da riconoscere e sostenere per il suo importante e permanente contributo alla coesione sociale delle collettivit\u00e0 all\u2019estero e al legame che lo stesso&nbsp; garantisce con l\u2019Italia.<\/p>\n\n\n\n<p>Missione 6: il FAIM sollecita l\u2019attenzione istituzionale alle fasce di popolazione pi\u00f9 fragile in alcuni paesi svantaggiati dell\u2019America Latina e dell\u2019Africa, quali soggetti \u201cda prendere in carico\u201d dal punto di vista dei servizi sanitari, con misure ed azioni ad hoc, analogamente a quanto sta avvenendo in Italia. Ci\u00f2 vale anche per i nuovi migranti che hanno difficolt\u00e0 ad ottenere una copertura assicurativa sanitaria stabile sia per le norme in vigore in alcuni paesi, sia per la frequente precariet\u00e0 di condizioni lavorative che sono costretti a subire anche in Europa.<\/p>\n\n\n\n<p>Il contributo che gli italiani all\u2019estero possono dare al sistema paese va anche giustamente riconosciuto e rappresentato garantendo parit\u00e0 costituzionale di trattamento tra italiani residenti in italia e all\u2019estero.<\/p>\n\n\n\n<p>Valutiamo vada riaffermato che qualsiasi provvedimento legislativo o amministrativo applicabile ponga su un piano di eguaglianza i cittadini residenti in Italia o all\u2019Estero, garantendo il medesimo livello di informazione, le medesime condizioni per poter agire di conseguenza e subirne gli effetti in maniera uguale.<\/p>\n\n\n\n<p>Vanno quindi rimosse incongruenze e distorsioni introdotte con il \u201crosatellum\u201d dove, per esempio, \u00e8 possibile per i residenti in Italia candidarsi nella circoscrizione estera ma non viceversa. Vanno riformate le modalit\u00e0 di voto, va dato nuovo impulso e risorse alle consulte regionali dell\u2019emigrazione, coinvolgendo ed integrando anche l\u2019associazionismo di immigrazione.&nbsp;<\/p>\n\n\n\n<p>I saperi diffusi presenti nella rete associativa sono alla base di molte delle proposte che sono state presentate durante questa importante iniziativa. Bisogna rimettere l\u2019associazionismo&nbsp; al centro dell\u2019attenzione istituzionale sia con funzioni di attuazione di progettualit\u00e0, sia per la fondamentale funzione di rappresentanza che consegue al suo ruolo attivo nelle societ\u00e0 di accoglienza.<\/p>\n\n\n\n<p>Per concludere vorrei sottolineare come l\u2019opera di rinnovamento attuata dalle diverse associazioni e dal Faim, Il Forum delle associazioni italiane nel mondo&nbsp; conferma e evidenzia la capacit\u00e0 dell\u2019articolato mondo dell\u2019associazionismo di stare al passo con le modificazioni avvenute e che stanno avvenendo nel contesto largo della emigrazione .<\/p>\n\n\n\n<p>Se il sistema paese, istituzionale e sociale sar\u00e0 capace di\u00a0 produrre una effettiva sinergia e favorire il perseguimento\u00a0 condiviso di obiettivi fra reti istituzionale e reti sociali cogliendo l\u2019occasione\u00a0 di re-investire nella risorsa emigrazione, molti potrebbero essere i benefici per l\u2019intera collettivit\u00e0.<\/p>\n","protected":false},"excerpt":{"rendered":"<p>L\u2019insieme del mondo della emigrazione italiana , ormai vicina ai 7 milioni di presenze ufficiali. viene ormai considerata la seconda regione italiana per abitanti.&nbsp; A ragione \u00e8 stato ricordato in diversi interventi, che i movimenti migratori si inseriscono nel contesto di squilibri tra aree territoriali e tra sistemi economico-sociali, perci\u00f2 procedono dal paese con minor [&hellip;]<\/p>\n","protected":false},"author":1,"featured_media":110,"comment_status":"open","ping_status":"open","sticky":false,"template":"","format":"standard","meta":{"_monsterinsights_skip_tracking":false,"_monsterinsights_sitenote_active":false,"_monsterinsights_sitenote_note":"","_monsterinsights_sitenote_category":0,"footnotes":""},"categories":[1],"tags":[],"class_list":["post-109","post","type-post","status-publish","format-standard","has-post-thumbnail","hentry","category-blog"],"aioseo_notices":[],"_links":{"self":[{"href":"https:\/\/pietrolunetto.info\/index.php?rest_route=\/wp\/v2\/posts\/109","targetHints":{"allow":["GET"]}}],"collection":[{"href":"https:\/\/pietrolunetto.info\/index.php?rest_route=\/wp\/v2\/posts"}],"about":[{"href":"https:\/\/pietrolunetto.info\/index.php?rest_route=\/wp\/v2\/types\/post"}],"author":[{"embeddable":true,"href":"https:\/\/pietrolunetto.info\/index.php?rest_route=\/wp\/v2\/users\/1"}],"replies":[{"embeddable":true,"href":"https:\/\/pietrolunetto.info\/index.php?rest_route=%2Fwp%2Fv2%2Fcomments&post=109"}],"version-history":[{"count":1,"href":"https:\/\/pietrolunetto.info\/index.php?rest_route=\/wp\/v2\/posts\/109\/revisions"}],"predecessor-version":[{"id":111,"href":"https:\/\/pietrolunetto.info\/index.php?rest_route=\/wp\/v2\/posts\/109\/revisions\/111"}],"wp:featuredmedia":[{"embeddable":true,"href":"https:\/\/pietrolunetto.info\/index.php?rest_route=\/wp\/v2\/media\/110"}],"wp:attachment":[{"href":"https:\/\/pietrolunetto.info\/index.php?rest_route=%2Fwp%2Fv2%2Fmedia&parent=109"}],"wp:term":[{"taxonomy":"category","embeddable":true,"href":"https:\/\/pietrolunetto.info\/index.php?rest_route=%2Fwp%2Fv2%2Fcategories&post=109"},{"taxonomy":"post_tag","embeddable":true,"href":"https:\/\/pietrolunetto.info\/index.php?rest_route=%2Fwp%2Fv2%2Ftags&post=109"}],"curies":[{"name":"wp","href":"https:\/\/api.w.org\/{rel}","templated":true}]}}