{"id":1,"date":"2024-01-10T22:42:51","date_gmt":"2024-01-10T21:42:51","guid":{"rendered":"http:\/\/pietrolunetto.info\/?p=1"},"modified":"2024-06-27T11:33:05","modified_gmt":"2024-06-27T09:33:05","slug":"ciao-mondo","status":"publish","type":"post","link":"https:\/\/pietrolunetto.info\/?p=1","title":{"rendered":"Elezioni europee: tutto cambia perch\u00e8 nulla cambi?"},"content":{"rendered":"\n<p>Una prima riflessione sulle elezioni europee 2024<\/p>\n\n\n\n<!--more-->\n\n\n\n<p>Al netto di alcuni dati ancora mancanti&nbsp;<em>(nel momento della stesura di questo articolo nd<\/em>r), il risultato delle elezioni del parlamento europeo appare oramai definito. In apparenza sembra che lo sfondamento a destra non ci sia stato nella misura in cui lo si temeva. Almeno in teoria.<\/p>\n\n\n\n<p>La maggioranza uscente formata dai liberali, partito popolare e dal gruppo dei socialisti e democratici, che ha sostenuto Ursula Von der Leyen, potr\u00e0 di nuovo prendere il timone con una buona maggioranza, che potrebbe addirittura essere pi\u00f9 solida se allargata al gruppo dei verdi che, per altro, ha gi\u00e0 dato la disponibilit\u00e0 alla trattativa. Pericolo scampato, quindi? Per niente.<\/p>\n\n\n\n<p>Al di l\u00e0 del numero dei numeri dei seggi dei vari gruppi, l\u2019avanzata delle destre in molti paesi avr\u00e0 una influenza sulla nomina dei nuovi commissari europei, spostando l\u2019asse ancora di pi\u00f9 sull\u2019austerit\u00e0 e su un approccio regressivo delle politiche comunitarie. Sar\u00e0 sicuramente ancora pi\u00f9 difficile costruire una Europa sociale e dei diritti diffusi.<\/p>\n\n\n\n<p>Anche questa volta le campagne elettorali si sono svolte pi\u00f9 sui temi nazionali che non su quelli di stretta pertinenza europea, fatta eccezione, forse, per gli effetti della guerra o per alcuni provvedimenti europei che hanno toccato degli interessi particolari.&nbsp;Nonostante ci\u00f2, diminuisce ancora la partecipazione al voto in quasi tutti i Paesi Membri, con la sola eccezioni dei Paesi dove i giovani dai sedici anni di et\u00e0 hanno potuto votare per la prima volta (Belgio, per esempio).<\/p>\n\n\n\n<p>In Italia si va sotto il 50%, cio\u00e8 4 milioni in meno di elettori votanti rispetto al 2019; maglia nera a molte aree del sud della Penisola e delle isole maggiori dove vota meno del 30% dei cittadini. &nbsp;Questi territori che continuano a fornire emigrati, sono del tutto abbandonati e non partecipano pi\u00f9 alla vita politica.&nbsp; Quando si decider\u00e0 di intervenire veramente su questo tema? Tra l\u2019altro i primi dati sui flussi elettorali, ci dicono che l\u2019astensionismo \u00e8 una questione di \u201cclasse\u201d, pi\u00f9 hai un reddito basso, pi\u00f9 sei sfruttato, pi\u00f9 non partecipi alle elezioni.<\/p>\n\n\n\n<p>I leader dei due \u201cpaesi guida\u201d dell\u2019Unione Europea, Francia e Germania ottengono delle sconfitte clamorose. In Francia, questo ha gi\u00e0 causato lo scioglimento del parlamento e l\u2019indizione di nuove elezioni per fine giugno 2024. Che queste siano frutto della cattiva gestione degli effetti della crisi in Ucraina potrebbe avere fondamento.<\/p>\n\n\n\n<p>L\u2019aumento dei prezzi scaricato del tutto sui cittadini, aumento che e invece ha ingrassato i profitti delle imprese (soprattutto quelle energetiche) e gli esigui aumenti salariali che, dove ci sono stati, non hanno coperto del tutto nemmeno l\u2019inflazione, hanno probabilmente generato diffuso malcontento che si \u00e8 espresso in diverse maniere: in parte nell\u2019astensione e in parte nelle destre che si sono date un profilo meno guerrafondaio, almeno in apparenza.<\/p>\n\n\n\n<p>All\u2019interno del gruppo socialista e democratico, nonostante la diminuzione di pochi seggi, sembrano reggere le forze che hanno avuto un profilo pi\u00f9 di sinistra e contro l\u2019austerit\u00e0. Andr\u00e0 pure approfondito il tema dell\u2019effetto dell\u2019informazione \u2013 non nuovo \u2013&nbsp; sui risultati elettorali. I continui e forti attacchi alle destre in Germania o al campo progressista italiano, i richiami alla Decima MAS in tutte le TV per giorni, ha orientato i flussi di voto?&nbsp; E in che modo?<\/p>\n\n\n\n<p>E ancora, cosa dobbiamo aspettarci adesso? Con un asse politico ancora pi\u00f9 orientato a destra verso l\u2019austerit\u00e0, sar\u00e0 nettamente pi\u00f9 difficile migliorare la legislazione sui diritti civili e sociali. Sul tema migrazioni si far\u00e0 ancora pi\u00f9 strada l\u2019orientamento per una gestione tutta securitaria, che lascer\u00e0 una scia infinita di morti attorno alla fortezza Europa.<\/p>\n\n\n\n<p>Sar\u00e0 ancora pi\u00f9 importante costruire azioni e iniziative di respiro europeo, in rete, tra associazionismo, sindacati, forze politiche. Noi proveremo a farlo sui temi illustrati nel&nbsp;<a href=\"https:\/\/emigrazione-notizie.org\/wp-content\/uploads\/securepdfs\/2024\/03\/Manifesto-elezioni-europee-2024-finale-5.pdf\"><u>Manifesto Filef<\/u>&nbsp;<\/a>per le elezioni europee, collaborando con quelle forze politiche ne hanno condiviso lo schema.&nbsp;La strada, purtroppo, \u00e8 tutta in salita e solo un grande movimento di lotta a livello europeo potr\u00e0 avere la meglio su un quadro a tinte fosche, molto tendente al nero.<\/p>\n","protected":false},"excerpt":{"rendered":"<p>Una prima riflessione sulle elezioni europee 2024<\/p>\n","protected":false},"author":1,"featured_media":71,"comment_status":"open","ping_status":"open","sticky":false,"template":"","format":"standard","meta":{"_monsterinsights_skip_tracking":false,"_monsterinsights_sitenote_active":false,"_monsterinsights_sitenote_note":"","_monsterinsights_sitenote_category":0,"footnotes":""},"categories":[1],"tags":[],"class_list":["post-1","post","type-post","status-publish","format-standard","has-post-thumbnail","hentry","category-blog"],"aioseo_notices":[],"_links":{"self":[{"href":"https:\/\/pietrolunetto.info\/index.php?rest_route=\/wp\/v2\/posts\/1","targetHints":{"allow":["GET"]}}],"collection":[{"href":"https:\/\/pietrolunetto.info\/index.php?rest_route=\/wp\/v2\/posts"}],"about":[{"href":"https:\/\/pietrolunetto.info\/index.php?rest_route=\/wp\/v2\/types\/post"}],"author":[{"embeddable":true,"href":"https:\/\/pietrolunetto.info\/index.php?rest_route=\/wp\/v2\/users\/1"}],"replies":[{"embeddable":true,"href":"https:\/\/pietrolunetto.info\/index.php?rest_route=%2Fwp%2Fv2%2Fcomments&post=1"}],"version-history":[{"count":1,"href":"https:\/\/pietrolunetto.info\/index.php?rest_route=\/wp\/v2\/posts\/1\/revisions"}],"predecessor-version":[{"id":72,"href":"https:\/\/pietrolunetto.info\/index.php?rest_route=\/wp\/v2\/posts\/1\/revisions\/72"}],"wp:featuredmedia":[{"embeddable":true,"href":"https:\/\/pietrolunetto.info\/index.php?rest_route=\/wp\/v2\/media\/71"}],"wp:attachment":[{"href":"https:\/\/pietrolunetto.info\/index.php?rest_route=%2Fwp%2Fv2%2Fmedia&parent=1"}],"wp:term":[{"taxonomy":"category","embeddable":true,"href":"https:\/\/pietrolunetto.info\/index.php?rest_route=%2Fwp%2Fv2%2Fcategories&post=1"},{"taxonomy":"post_tag","embeddable":true,"href":"https:\/\/pietrolunetto.info\/index.php?rest_route=%2Fwp%2Fv2%2Ftags&post=1"}],"curies":[{"name":"wp","href":"https:\/\/api.w.org\/{rel}","templated":true}]}}